{"id":75,"date":"2009-05-01T20:18:39","date_gmt":"2009-05-01T19:18:39","guid":{"rendered":"http:\/\/asterythms.net\/blog\/?p=75"},"modified":"2009-05-01T20:18:39","modified_gmt":"2009-05-01T19:18:39","slug":"atmospharisches-zum-1-mai","status":"publish","type":"post","link":"http:\/\/asterythms.net\/blog\/?p=75","title":{"rendered":"Atmosph\u00e4risches zum 1. Mai"},"content":{"rendered":"<p>Entgegen der Meinung der Skeptiker in der Firma hatten wir heute sehr sch\u00f6nes Wetter. Man sieht es an diesem Sonnenuntergang hier (aufgenommen mit einem 200mm Objektiv und Canon 350D):<\/p>\n<p><img decoding=\"async\" loading=\"lazy\" src=\"http:\/\/www.asterythms.net\/bilder\/2009\/20090501hoell.jpg\" alt=\"Sonne und H\u00f6llkopf\" width=\"375\" height=\"215\" \/><\/p>\n<p>Links neben der Sonne sieht man den Fernmeldeturm auf dem H\u00f6llkopf im etwa 30 km entfernten Westerwald. Wiederum links von diesem Turm stehen jede Menge Windr\u00e4der, deren Lichter bei brauchbaren Bedingungen nachts deutlich zu sehen sind. Dabei war es gar nicht sicher, dass es heute einen Sonnenuntergang zu sehen geben w\u00fcrde <!--more--><\/p>\n<p>Der Morgen hatte mit dichtem Nebel begonnen. Schon gegen 11 l\u00f6ste sich dieser auf und der Himmel war recht frei, bis auf jede Menge hoher Wolken. Die Temperaturen waren recht angenehm zum Wandern, in der Sonne fast schon einen Tacken zu warm. Am Nachmittag \u00e4nderte sich das! Die Qu\u00e4lwolken schossen in die H\u00f6he und einige charakteristische Pilzstrukturen entstanden &#8211; zum Gl\u00fcck \u00fcber dem Westerwald und Siegerland, nicht so sehr bei uns. Hier eine Impression (aufs Bild klicken f\u00fcr gr\u00f6\u00dfe Variante):<\/p>\n<p><a title=\"Wolken am 01. Mai\" href=\"http:\/\/www.asterythms.net\/bilder\/2009\/20090501w_g.jpg\"><img decoding=\"async\" loading=\"lazy\" src=\"http:\/\/www.asterythms.net\/bilder\/2009\/20090501w_k.jpg\" alt=\"Wolken\" width=\"100\" height=\"150\" \/><\/a><\/p>\n<p>Eine Dreiviertelstunde lang sch\u00fcttete es, dann kehrte Ruhe ein und die Wolken fielen weitgehend in sich zusammen. Daher gab&#8217;s den oben gezeigten Sonnenuntergang zu sehen. Achja, und nat\u00fcrlich diesen Kollegen hier, der jeden Gedanken an DeepSky unterbindet:<\/p>\n<p><img decoding=\"async\" loading=\"lazy\" src=\"http:\/\/www.asterythms.net\/bilder\/2009\/20090501mond.jpg\" alt=\"Mond am 01. Mai 2009\" width=\"300\" height=\"257\" \/><\/p>\n","protected":false},"excerpt":{"rendered":"<p>Entgegen der Meinung der Skeptiker in der Firma hatten wir heute sehr sch\u00f6nes Wetter. Man sieht es an diesem Sonnenuntergang hier (aufgenommen mit einem 200mm Objektiv und Canon 350D): Links neben der Sonne sieht man den Fernmeldeturm auf dem H\u00f6llkopf &hellip; <a href=\"http:\/\/asterythms.net\/blog\/?p=75\">Weiterlesen <span class=\"meta-nav\">&rarr;<\/span><\/a><\/p>\n","protected":false},"author":2,"featured_media":0,"comment_status":"open","ping_status":"closed","sticky":false,"template":"","format":"standard","meta":{"_s2mail":""},"categories":[1],"tags":[],"_links":{"self":[{"href":"http:\/\/asterythms.net\/blog\/index.php?rest_route=\/wp\/v2\/posts\/75"}],"collection":[{"href":"http:\/\/asterythms.net\/blog\/index.php?rest_route=\/wp\/v2\/posts"}],"about":[{"href":"http:\/\/asterythms.net\/blog\/index.php?rest_route=\/wp\/v2\/types\/post"}],"author":[{"embeddable":true,"href":"http:\/\/asterythms.net\/blog\/index.php?rest_route=\/wp\/v2\/users\/2"}],"replies":[{"embeddable":true,"href":"http:\/\/asterythms.net\/blog\/index.php?rest_route=%2Fwp%2Fv2%2Fcomments&post=75"}],"version-history":[{"count":0,"href":"http:\/\/asterythms.net\/blog\/index.php?rest_route=\/wp\/v2\/posts\/75\/revisions"}],"wp:attachment":[{"href":"http:\/\/asterythms.net\/blog\/index.php?rest_route=%2Fwp%2Fv2%2Fmedia&parent=75"}],"wp:term":[{"taxonomy":"category","embeddable":true,"href":"http:\/\/asterythms.net\/blog\/index.php?rest_route=%2Fwp%2Fv2%2Fcategories&post=75"},{"taxonomy":"post_tag","embeddable":true,"href":"http:\/\/asterythms.net\/blog\/index.php?rest_route=%2Fwp%2Fv2%2Ftags&post=75"}],"curies":[{"name":"wp","href":"https:\/\/api.w.org\/{rel}","templated":true}]}}