{"id":258,"date":"2011-10-08T17:26:55","date_gmt":"2011-10-08T16:26:55","guid":{"rendered":"http:\/\/asterythms.net\/blog\/?p=258"},"modified":"2012-03-17T18:54:52","modified_gmt":"2012-03-17T17:54:52","slug":"messier-27-%e2%80%93-zum-letzten-mal","status":"publish","type":"post","link":"http:\/\/asterythms.net\/blog\/?p=258","title":{"rendered":"Messier 27 \u2013 zum letzten Mal?"},"content":{"rendered":"<p>Treue Leser dieses Blogs kennen meine Versuche (<a href=\"http:\/\/asterythms.net\/blog\/?p=28\">26.08.2008<\/a>, <a href=\"http:\/\/asterythms.net\/blog\/?p=86\">12.06.2009<\/a>, <a href=\"http:\/\/asterythms.net\/blog\/?p=97\">28.08.2009<\/a>, <a href=\"http:\/\/asterythms.net\/blog\/?p=177\">16.10.2009<\/a>) den planetarischen Nebel Messier 27 zu fotografieren. Wie ich das ein oder andere Mal erkl\u00e4rt habe, m\u00f6chte ich in diesem Blog auch meine Fortschritte dokumentieren und Erfahrungen teilen. Daher nutzte ich einen Abend der Sch\u00f6nwetterphase im Dezember f\u00fcr folgendes Bild:<\/p>\n<p><a href=\"http:\/\/www.asterythms.net\/bilder\/2011\/20110925m27cut.jpg\"><img decoding=\"async\" loading=\"lazy\" class=\"alignnone\" title=\"Messier 27  (M27) vom 25.09.2011\" src=\"http:\/\/www.asterythms.net\/bilder\/2011\/20110925m27cut_t.jpg\" alt=\"\" width=\"400\" height=\"282\" \/><\/a><\/p>\n<p>(<a href=\"http:\/\/www.asterythms.net\/bilder\/2011\/20110925m27cut.jpg\">gr\u00f6\u00dferes Bild<\/a>)<\/p>\n<p>Was hat sich nun im Vergleich zu den vorherigen Aufnahmen verbessert?<\/p>\n<p>Zun\u00e4chst die Nachf\u00fchrung. Dank Guidemaster und des zeitgem\u00e4\u00dfen Laptops l\u00e4uft die Nachf\u00fchrung tadellos. Daher sind Einzelbelichtungen von 5 Minuten L\u00e4nge kein Problem. Ein Baader Neodymiumfilter reduziert das Licht der Stra\u00dfenlaternen deutlich. Hinzu kommt die aktuellere Canon 1100D, astronomisch umgebaut. Au\u00dferdem bekomme ich den Bildbearbeitungsworklow zunehmend in den Griff. DeepSkyStacker und Fitsworks finden dabei Anwendung.<\/p>\n<p>Ich bin mit dem Ergebnis recht zufrieden und bin mir nicht sicher, ob mit dem TV85 (inkl. 0,8x Korrektor) und unter Stadtbedingungen noch wesentlich mehr herauszuholen ist. Vielleicht mit einem Linienfilter, was ich bei Gelegenheit noch ausprobieren m\u00f6chte.<\/p>\n","protected":false},"excerpt":{"rendered":"<p>Treue Leser dieses Blogs kennen meine Versuche (26.08.2008, 12.06.2009, 28.08.2009, 16.10.2009) den planetarischen Nebel Messier 27 zu fotografieren. Wie ich das ein oder andere Mal erkl\u00e4rt habe, m\u00f6chte ich in diesem Blog auch meine Fortschritte dokumentieren und Erfahrungen teilen. Daher &hellip; <a href=\"http:\/\/asterythms.net\/blog\/?p=258\">Weiterlesen <span class=\"meta-nav\">&rarr;<\/span><\/a><\/p>\n","protected":false},"author":2,"featured_media":0,"comment_status":"open","ping_status":"closed","sticky":false,"template":"","format":"standard","meta":{"_s2mail":""},"categories":[16,13,29],"tags":[],"_links":{"self":[{"href":"http:\/\/asterythms.net\/blog\/index.php?rest_route=\/wp\/v2\/posts\/258"}],"collection":[{"href":"http:\/\/asterythms.net\/blog\/index.php?rest_route=\/wp\/v2\/posts"}],"about":[{"href":"http:\/\/asterythms.net\/blog\/index.php?rest_route=\/wp\/v2\/types\/post"}],"author":[{"embeddable":true,"href":"http:\/\/asterythms.net\/blog\/index.php?rest_route=\/wp\/v2\/users\/2"}],"replies":[{"embeddable":true,"href":"http:\/\/asterythms.net\/blog\/index.php?rest_route=%2Fwp%2Fv2%2Fcomments&post=258"}],"version-history":[{"count":4,"href":"http:\/\/asterythms.net\/blog\/index.php?rest_route=\/wp\/v2\/posts\/258\/revisions"}],"predecessor-version":[{"id":434,"href":"http:\/\/asterythms.net\/blog\/index.php?rest_route=\/wp\/v2\/posts\/258\/revisions\/434"}],"wp:attachment":[{"href":"http:\/\/asterythms.net\/blog\/index.php?rest_route=%2Fwp%2Fv2%2Fmedia&parent=258"}],"wp:term":[{"taxonomy":"category","embeddable":true,"href":"http:\/\/asterythms.net\/blog\/index.php?rest_route=%2Fwp%2Fv2%2Fcategories&post=258"},{"taxonomy":"post_tag","embeddable":true,"href":"http:\/\/asterythms.net\/blog\/index.php?rest_route=%2Fwp%2Fv2%2Ftags&post=258"}],"curies":[{"name":"wp","href":"https:\/\/api.w.org\/{rel}","templated":true}]}}