{"id":2500,"date":"2025-09-08T15:44:37","date_gmt":"2025-09-08T14:44:37","guid":{"rendered":"http:\/\/asterythms.net\/blog\/?p=2500"},"modified":"2025-09-08T15:44:37","modified_gmt":"2025-09-08T14:44:37","slug":"mondfinsternis-am-07-09-2025","status":"publish","type":"post","link":"http:\/\/asterythms.net\/blog\/?p=2500","title":{"rendered":"Mondfinsternis am 07.09.2025"},"content":{"rendered":"\n<figure class=\"wp-block-image size-large\"><a href=\"http:\/\/www.asterythms.net\/bilder\/2025\/20250908mofi_tele.jpg\"><img decoding=\"async\" src=\"http:\/\/www.asterythms.net\/bilder\/2025\/20250908mofi_tele_t.jpg\" alt=\"\"\/><\/a><\/figure>\n\n\n\n<p>In <a href=\"http:\/\/asterythms.net\/blog\/?p=2462\">meiner Vorschau<\/a> hatte ich bereits auf diese Mondfinsternis hingewiesen. Auf diesem Blog wurde auch bereits mehrfach von Mondfinsternissen berichtet, beispielsweise in den Artikeln \u201e<a href=\"http:\/\/asterythms.net\/blog\/?p=1700\">der verlorene Mond<\/a>\u201c und \u201e<a href=\"http:\/\/asterythms.net\/blog\/?p=1703\">der gefundene Mond<\/a>\u201c. Seinerzeit waren wir Beobachter in unserem Ort unterwegs. Dieses Mal planten wir daheim.<\/p>\n\n\n\n<!--more-->\n\n\n\n<p>Diese Mondfinsternis w\u00fcrde sonntags stattfinden. In den fr\u00fchen Abendstunden w\u00fcrde der Mond total verfinstert am Horizont erscheinen. Um etwa 21h MESZ w\u00fcrde die totale Phase enden und der Mond nach und nach freigegeben werden. Schon gegen 22h MESZ w\u00fcrde der Kernschatten die Mondscheibe verlassen.<\/p>\n\n\n\n<p>Nach einem Mittagsschl\u00e4fchen merkte ich: Dieses Ereignis w\u00fcrde auf dem heimischen Balkon zu sehen sein. Also ganz entspannt Abendessen, Podcast h\u00f6ren, Sudoku l\u00f6sen \u2013 und dann: Finsternis gucken.<\/p>\n\n\n\n<p>Trotz der geringen Horizonth\u00f6he hatten meine Frau und ich Gl\u00fcck. Wir sahen den \u00dcbergang von der sp\u00e4ten totalen Phase bis zum Verlassen des Kernschattens. Dann leuchtet zun\u00e4chst eine schmale Mondsichel auf.<\/p>\n\n\n\n<figure class=\"wp-block-image size-large\"><a href=\"http:\/\/www.asterythms.net\/bilder\/2025\/20250908handy.jpg\"><img decoding=\"async\" src=\"http:\/\/www.asterythms.net\/bilder\/2025\/20250908handy_t.jpg\" alt=\"\"\/><\/a><\/figure>\n\n\n\n<p>Mit der 70D und seinem 70-300 APO sowie dem Handy gelang es uns, das Ereignis zu dokumentieren. Dass im Westen noch dichtere Wolken standen, st\u00f6rte uns bei der Beobachtung der Finsternis im Osten nicht.<\/p>\n","protected":false},"excerpt":{"rendered":"<p>In meiner Vorschau hatte ich bereits auf diese Mondfinsternis hingewiesen. Auf diesem Blog wurde auch bereits mehrfach von Mondfinsternissen berichtet, beispielsweise in den Artikeln \u201eder verlorene Mond\u201c und \u201eder gefundene Mond\u201c. Seinerzeit waren wir Beobachter in unserem Ort unterwegs. Dieses &hellip; <a href=\"http:\/\/asterythms.net\/blog\/?p=2500\">Weiterlesen <span class=\"meta-nav\">&rarr;<\/span><\/a><\/p>\n","protected":false},"author":2,"featured_media":0,"comment_status":"open","ping_status":"closed","sticky":false,"template":"","format":"standard","meta":{"_s2mail":"yes"},"categories":[16,14],"tags":[],"_links":{"self":[{"href":"http:\/\/asterythms.net\/blog\/index.php?rest_route=\/wp\/v2\/posts\/2500"}],"collection":[{"href":"http:\/\/asterythms.net\/blog\/index.php?rest_route=\/wp\/v2\/posts"}],"about":[{"href":"http:\/\/asterythms.net\/blog\/index.php?rest_route=\/wp\/v2\/types\/post"}],"author":[{"embeddable":true,"href":"http:\/\/asterythms.net\/blog\/index.php?rest_route=\/wp\/v2\/users\/2"}],"replies":[{"embeddable":true,"href":"http:\/\/asterythms.net\/blog\/index.php?rest_route=%2Fwp%2Fv2%2Fcomments&post=2500"}],"version-history":[{"count":2,"href":"http:\/\/asterythms.net\/blog\/index.php?rest_route=\/wp\/v2\/posts\/2500\/revisions"}],"predecessor-version":[{"id":2502,"href":"http:\/\/asterythms.net\/blog\/index.php?rest_route=\/wp\/v2\/posts\/2500\/revisions\/2502"}],"wp:attachment":[{"href":"http:\/\/asterythms.net\/blog\/index.php?rest_route=%2Fwp%2Fv2%2Fmedia&parent=2500"}],"wp:term":[{"taxonomy":"category","embeddable":true,"href":"http:\/\/asterythms.net\/blog\/index.php?rest_route=%2Fwp%2Fv2%2Fcategories&post=2500"},{"taxonomy":"post_tag","embeddable":true,"href":"http:\/\/asterythms.net\/blog\/index.php?rest_route=%2Fwp%2Fv2%2Ftags&post=2500"}],"curies":[{"name":"wp","href":"https:\/\/api.w.org\/{rel}","templated":true}]}}