{"id":224,"date":"2011-07-01T19:46:31","date_gmt":"2011-07-01T18:46:31","guid":{"rendered":"http:\/\/asterythms.net\/blog\/?p=224"},"modified":"2011-07-01T19:46:31","modified_gmt":"2011-07-01T18:46:31","slug":"der-zahn-der-zeit","status":"publish","type":"post","link":"http:\/\/asterythms.net\/blog\/?p=224","title":{"rendered":"Der Zahn der Zeit"},"content":{"rendered":"<p>An jedem von uns nagt er, der Zahn der Zeit. Oft verdr\u00e4ngen wir es ja beim Blick in den Spiegel. Auch der Natur geht es nicht anders, sie unterliegt Ver\u00e4nderungen. Sehr oft nehmen wir diese als Menschen nicht wahr, insbesondere bei kosmischen Ver\u00e4nderungen.<\/p>\n<p>Anders jedoch im vorliegenden Fall:<\/p>\n<p><img decoding=\"async\" loading=\"lazy\" src=\"http:\/\/www.asterythms.net\/bilder\/2011\/20110701_hoernum_t.jpg\" alt=\"\" width=\"400\" height=\"133\" \/><\/p>\n<p>(<a href=\"http:\/\/www.asterythms.net\/bilder\/2011\/20110701_hoernum.jpg\">gro\u00dfes Bild<\/a>)<br \/>\n<!--more--><br \/>\nViele Dinge werden \u00fcber Sylt gesagt. Nicht alles ist wahr und einiges kann als Vorurteil abgetan werden. Wahr ist jedoch, dass an dieser Insel der Zahn der Zeit nagt. An der S\u00fcdspitze bei H\u00f6rnum sind seine Auswirkungen Zeit selbst in wenigen Jahren \u00fcberdeutlich sichtbar.<\/p>\n<p>Aus H\u00f6rnum f\u00fchrt die Stra\u00dfe &#8220;Odde-Wei&#8221; aus der Ortschaft und geht in einen breiten Fu\u00dfweg \u00fcber, der sehr direkt nach S\u00fcden gerichtet ist. Von diesem Weg zweigt ein Sackweg nach Osten ab, der zu einem Bohlensteg wird und auf einen H\u00fcgel zu einem Aussichtspunkt f\u00fchrt. Neben diesem steht eine seetechnische Einrichtung (Radarmast o.\u00e4.), vergleiche <a href=\"http:\/\/maps.google.de\/maps?q=h%C3%B6rnum&amp;hl=de&amp;ie=UTF8&amp;ll=54.746907,8.289024&amp;spn=0.00278,0.008497&amp;sll=51.151786,10.415039&amp;sspn=12.385811,34.804687&amp;t=h&amp;z=17\">Google-Maps-Foto<\/a>.<\/p>\n<p>Dreimal war ich nun schon an dieser Ecke: 2004, 2008 und 2011. Leider entstanden nur 2008 und 2011 Aufnahmen aus einer vergleichbaren Position mit vergleichbarem Blickwinkel. Zwei solche Aufnahmen sind im Bild nebeneinander montiert. Die Fotos zeigen den Blick nach S\u00fcden. Im jeweils rechten Bilddrittel ist der nach S\u00fcden f\u00fchrende Weg zu sehen, kurz vor dem Horizont die Abzweigung, von der der Bohlensteg nach links (Osten) f\u00fchrt. Aussichtspunkt und seetechnische Einrichtung sind in der Mitte des linken Bilddrittels zu sehen.<\/p>\n<p><strong>2004 <\/strong>sah ich von der Fotografenposition aus den Bohlensteg noch komplett, unterhalb davon war eine durchgehende gr\u00fcne Heidefl\u00e4che zu sehen, wie sie auch im Google Satellitenbild noch sichtbar ist. Der Weg verlief jenseits des Horizonts noch einige dutzend Meter parallel zum Strand.<\/p>\n<p><strong>2008<\/strong> dr\u00fcckt bereits Sand in diese Heidefl\u00e4che hinein, der Bohlensteg beginnt zu versinken. Statt Heide macht sich Strandhafer breit. Der Weg f\u00fchrt noch einige Meter \u00fcber den Horizont, bevor man den Strand betritt. Allerdings l\u00e4ngst schon nicht mehr die 20-30 Meter von 2004!<\/p>\n<p><strong>2011<\/strong> ist jedes Gr\u00fcn aus der ehemaligen Heidefl\u00e4che verschwunden, da liegt nur noch Sand! Der Bohlensteg ist bereits zu gro\u00dfen Teilen im Sand versunken, der Weg liegt einiges h\u00f6her. Direkt hinter dem Horizont steigt man auf den Strand hinab.<\/p>\n<p>Die S\u00fcdspitze hat in den letzten Jahren einiges an L\u00e4nge eingeb\u00fc\u00dft. Als meine Eltern in den 1960ziger Jahren um sie herum wanderten, war dies wirklich noch eine Wanderung. Da in den letzten Jahren immer wieder Teile abbrechen und vom Meer weggerissen werden, ist dies heute eher ein Spaziergang. Ich finde es faszinierend, an einem Strand zu gehen und mir vorzustellen, wie ich einige Jahre vorher auf einem Strand gegangen bin, der nun tief im Meer liegen w\u00fcrde.<\/p>\n<p>Hier noch eine Wellenaufnahme:<\/p>\n<p><img decoding=\"async\" loading=\"lazy\" src=\"http:\/\/www.asterythms.net\/bilder\/2011\/20110701welle_t.jpg\" alt=\"\" width=\"300\" height=\"168\" \/><\/p>\n<p>(<a href=\"http:\/\/www.asterythms.net\/bilder\/2011\/20110701welle.jpg\">gro\u00dfes Bild<\/a>)<\/p>\n<p>Mit hoher Wahrscheinlichkeit werde ich auch in den n\u00e4chsten Jahren Fotos machen &#8211; und dann hier berichten. Es ist zwar nicht direkt Astronomie, k\u00f6nnte vielleicht als Planetologie laufen. Spannend finde ich es jedenfalls \ud83d\ude42<\/p>\n","protected":false},"excerpt":{"rendered":"<p>An jedem von uns nagt er, der Zahn der Zeit. Oft verdr\u00e4ngen wir es ja beim Blick in den Spiegel. Auch der Natur geht es nicht anders, sie unterliegt Ver\u00e4nderungen. Sehr oft nehmen wir diese als Menschen nicht wahr, insbesondere &hellip; <a href=\"http:\/\/asterythms.net\/blog\/?p=224\">Weiterlesen <span class=\"meta-nav\">&rarr;<\/span><\/a><\/p>\n","protected":false},"author":2,"featured_media":0,"comment_status":"open","ping_status":"closed","sticky":false,"template":"","format":"standard","meta":{"_s2mail":""},"categories":[1,20],"tags":[],"_links":{"self":[{"href":"http:\/\/asterythms.net\/blog\/index.php?rest_route=\/wp\/v2\/posts\/224"}],"collection":[{"href":"http:\/\/asterythms.net\/blog\/index.php?rest_route=\/wp\/v2\/posts"}],"about":[{"href":"http:\/\/asterythms.net\/blog\/index.php?rest_route=\/wp\/v2\/types\/post"}],"author":[{"embeddable":true,"href":"http:\/\/asterythms.net\/blog\/index.php?rest_route=\/wp\/v2\/users\/2"}],"replies":[{"embeddable":true,"href":"http:\/\/asterythms.net\/blog\/index.php?rest_route=%2Fwp%2Fv2%2Fcomments&post=224"}],"version-history":[{"count":0,"href":"http:\/\/asterythms.net\/blog\/index.php?rest_route=\/wp\/v2\/posts\/224\/revisions"}],"wp:attachment":[{"href":"http:\/\/asterythms.net\/blog\/index.php?rest_route=%2Fwp%2Fv2%2Fmedia&parent=224"}],"wp:term":[{"taxonomy":"category","embeddable":true,"href":"http:\/\/asterythms.net\/blog\/index.php?rest_route=%2Fwp%2Fv2%2Fcategories&post=224"},{"taxonomy":"post_tag","embeddable":true,"href":"http:\/\/asterythms.net\/blog\/index.php?rest_route=%2Fwp%2Fv2%2Ftags&post=224"}],"curies":[{"name":"wp","href":"https:\/\/api.w.org\/{rel}","templated":true}]}}