{"id":1847,"date":"2019-07-17T17:06:09","date_gmt":"2019-07-17T16:06:09","guid":{"rendered":"http:\/\/asterythms.net\/blog\/?p=1847"},"modified":"2019-07-17T17:06:09","modified_gmt":"2019-07-17T16:06:09","slug":"die-partielle-mondfinsternis-vom-16-juli-2019","status":"publish","type":"post","link":"http:\/\/asterythms.net\/blog\/?p=1847","title":{"rendered":"Die partielle Mondfinsternis vom 16. Juli 2019"},"content":{"rendered":"<p><a href=\"http:\/\/www.asterythms.net\/bilder\/2019\/20190717titel.jpg\"><img decoding=\"async\" loading=\"lazy\" class=\"alignright size-medium\" src=\"http:\/\/www.asterythms.net\/bilder\/2019\/20190717titel_t.jpg\" width=\"400\" height=\"258\" \/><\/a>In den sp\u00e4ten Abendstunden des 16. Juli 2019 trat der Mond in den Kernschatten der Erde. Im Gegensatz zu dem <a href=\"http:\/\/asterythms.net\/blog\/?p=1703\">Ereignis aus dem Juli 2018<\/a> tauchte er jedoch nicht ganz in ihn ein. Es kam daher &#8220;nur&#8221; zu einer partiellen Mondfinsternis. Dies ist mein Bericht.<!--more--><\/p>\n<p>Mittlerweile habe ich in meiner Beobachterkarriere schon einige totale und partielle Mondfinsternisse gesehen. Manche davon &#8220;gerade so&#8221; in Wolkenl\u00fccken, andere spektakul\u00e4r an einem kristallklaren Himmel. Einige gerade so \u00fcber dem Horizont, andere in betr\u00e4chtlicher H\u00f6he. Jede dieser Varianten hat ihren Reiz. Wenn das Ereignis noch in den Abendstunden liegt, schaue ich also mal hin.<\/p>\n<p><strong>Dienstagfr\u00fch, bedeckter Himmel<\/strong><\/p>\n<p>Ich habe mir nicht viel vorgenommen. Ein paar Fotos bei 300mm Brennweite, dazu das 1000\/10-Spiegelteleobjektiv griffbereit. Der Himmel sah nicht gut aus, doch eine Wetterwebsite machte Mut und schrieb von klarem Himmel \u00fcber meinem Standort.<\/p>\n<p><strong>Dienstag, fr\u00fcher Nachmittag<\/strong><\/p>\n<p>Erste Wolkenl\u00fccken. Liegt der Wetterdienstleister etwa richtig und es klart auf?<\/p>\n<p><strong>Dienstag, fr\u00fcher Abend<\/strong><\/p>\n<p>Nur leichte Wolken, fast schon Sch\u00f6nwetterwolken, stehen am Himmel. Das sieht gut aus. Bei 300mm Brennweite gibt das bestimmt sch\u00f6ne Motive: der teilverfinsterte Mond und leichte Quellbew\u00f6lkung. Sehr gut.<\/p>\n<p><strong>Dienstag 21:20<\/strong><\/p>\n<p>Ich schlafe schon mal eine Runde, denn am n\u00e4chsten Morgen wird &#8211; wie ganz normal &#8211; um 5:15 die Nacht vorbei sein. Tats\u00e4chlich wache ich um 22:10 auf und drehe mich noch mal auf die andere Seite, um noch eine Viertelstunde zu d\u00f6sen.<\/p>\n<p><strong>Dienstag, 23:05<\/strong><\/p>\n<p>Hm, doch l\u00e4nger als gedacht, das waren dann doch drei Viertelstunden. Egal. Klamotten an, und auf dem Weg ins Wohnzimmer kurz durchs K\u00fcchenfenster gesp\u00e4ht: ja, der Mond scheint. Schnell das Stativ mit Montierung und Kamera gegriffen und raus auf den Balkon.<br \/>\nSehr sch\u00f6n, da scheint der teilverfinsterte Mond.<\/p>\n<p>Ihm gegen\u00fcber, Richtung Norden, ist der Himmel stark aufgehellt, es d\u00e4mmert noch.<\/p>\n<p>Doch was ist das?<\/p>\n<p>Da ist eine Wolkenschicht, die aus Nordnordwest aufzieht. Immerhin: diese Wolken ziehen sehr schnell und haben L\u00fccken unterschiedlicher Gr\u00f6\u00dfe.<\/p>\n<p><strong>23:30, Mitte der Finsternis<\/strong><\/p>\n<p>Es ist der H\u00f6hepunkt der Finsternis. Tiefer wird der Mond nicht mehr in den Kernschatten der Erde eintauchen. Sehr sch\u00f6n, dass gerade jetzt eine Wolkenl\u00fccke an der richtigen Stelle steht und den Blick frei gibt:<\/p>\n<p><a href=\"http:\/\/www.asterythms.net\/bilder\/2019\/20190717mitte.jpg\"><img decoding=\"async\" loading=\"lazy\" class=\"aligncenter size-medium\" src=\"http:\/\/www.asterythms.net\/bilder\/2019\/20190717mitte_t.jpg\" width=\"600\" height=\"390\" \/><\/a><\/p>\n<p><strong>23:45, Finsternismitte +15min.<\/strong><\/p>\n<p>Eine Aufnahme bei ISO 1.600, f\/8 und 2 Sekunden Belichtungszeit. Diese Aufnahmedaten lassen erahnen, wie dicht die Wolken in diesem Augenblick waren. Aber der Anblick war sehr sch\u00f6n und vielleicht bestelle ich davon mal einen Abzug:<\/p>\n<p><a href=\"http:\/\/www.asterythms.net\/bilder\/2019\/20190717p15.jpg\"><img decoding=\"async\" loading=\"lazy\" class=\"aligncenter size-medium\" src=\"http:\/\/www.asterythms.net\/bilder\/2019\/20190717p15_t.jpg\" width=\"600\" height=\"400\" \/><\/a><\/p>\n<p><strong>23:56, Finsternismitte +26min. <\/strong><\/p>\n<p>Fast eine halbe Stunde nach dem Maximum entstand dieses Foto mit spektakul\u00e4ren Wolken. Dank einer recht langen Belichtungszeit (3,2 Sekunden @ f\/8, ISO 200) ist eine R\u00f6tung des verfinsterten Mondbereichs trotz der Wolken zu erkennen. Der R\u00f6tung wird von dem gleichen Effekt verursacht, der bei totalen Finsternissen f\u00fcr den von der Presse so hei\u00df geliebten Blutmond sorgt.<\/p>\n<p><a href=\"http:\/\/www.asterythms.net\/bilder\/2019\/20190717p26.jpg\"><img decoding=\"async\" loading=\"lazy\" class=\"aligncenter size-medium\" src=\"http:\/\/www.asterythms.net\/bilder\/2019\/20190717p26_t.jpg\" width=\"600\" height=\"411\" \/><\/a><\/p>\n<p><strong>00:00, Ende der Beobachtung<\/strong><\/p>\n<p>Einige Wolkenl\u00fccken haben gereicht, ich konnte den Mond immer wieder sehen. Die Wolken (eine hohe Schicht Zirren war auch noch dabei) schaffte eine durchaus spektakul\u00e4re Atmosph\u00e4re. Den Kugelsternhaufen Messier 13 habe ich auch zwischendurch gesehen.<\/p>\n<p>Es war also eine sch\u00f6ne Beobachtung, die mir etwas Nervenkitzel, vor allem jedoch viel Freude bereitet hat \ud83d\ude42<\/p>\n","protected":false},"excerpt":{"rendered":"<p>In den sp\u00e4ten Abendstunden des 16. Juli 2019 trat der Mond in den Kernschatten der Erde. Im Gegensatz zu dem Ereignis aus dem Juli 2018 tauchte er jedoch nicht ganz in ihn ein. Es kam daher &#8220;nur&#8221; zu einer partiellen &hellip; <a href=\"http:\/\/asterythms.net\/blog\/?p=1847\">Weiterlesen <span class=\"meta-nav\">&rarr;<\/span><\/a><\/p>\n","protected":false},"author":2,"featured_media":0,"comment_status":"open","ping_status":"closed","sticky":false,"template":"","format":"standard","meta":{"_s2mail":"yes"},"categories":[14],"tags":[],"_links":{"self":[{"href":"http:\/\/asterythms.net\/blog\/index.php?rest_route=\/wp\/v2\/posts\/1847"}],"collection":[{"href":"http:\/\/asterythms.net\/blog\/index.php?rest_route=\/wp\/v2\/posts"}],"about":[{"href":"http:\/\/asterythms.net\/blog\/index.php?rest_route=\/wp\/v2\/types\/post"}],"author":[{"embeddable":true,"href":"http:\/\/asterythms.net\/blog\/index.php?rest_route=\/wp\/v2\/users\/2"}],"replies":[{"embeddable":true,"href":"http:\/\/asterythms.net\/blog\/index.php?rest_route=%2Fwp%2Fv2%2Fcomments&post=1847"}],"version-history":[{"count":1,"href":"http:\/\/asterythms.net\/blog\/index.php?rest_route=\/wp\/v2\/posts\/1847\/revisions"}],"predecessor-version":[{"id":1848,"href":"http:\/\/asterythms.net\/blog\/index.php?rest_route=\/wp\/v2\/posts\/1847\/revisions\/1848"}],"wp:attachment":[{"href":"http:\/\/asterythms.net\/blog\/index.php?rest_route=%2Fwp%2Fv2%2Fmedia&parent=1847"}],"wp:term":[{"taxonomy":"category","embeddable":true,"href":"http:\/\/asterythms.net\/blog\/index.php?rest_route=%2Fwp%2Fv2%2Fcategories&post=1847"},{"taxonomy":"post_tag","embeddable":true,"href":"http:\/\/asterythms.net\/blog\/index.php?rest_route=%2Fwp%2Fv2%2Ftags&post=1847"}],"curies":[{"name":"wp","href":"https:\/\/api.w.org\/{rel}","templated":true}]}}