{"id":111,"date":"2009-11-20T21:41:29","date_gmt":"2009-11-20T20:41:29","guid":{"rendered":"http:\/\/asterythms.net\/blog\/?p=111"},"modified":"2009-11-20T21:41:29","modified_gmt":"2009-11-20T20:41:29","slug":"omikron-ceti-nahe-maximum","status":"publish","type":"post","link":"http:\/\/asterythms.net\/blog\/?p=111","title":{"rendered":"Omikron Ceti nahe Maximum"},"content":{"rendered":"<p>Gestern war es endlich mal wieder sowas wie klar. Leider steht mir aus beruflichen Gr\u00fcnden im Augenblick kaum Zeit zur Verf\u00fcgung (besser so als anders!), daher blieb nur eine kurze Beobachtung. Dabei fiel mir etwas auf, was ich gleich mal fotografieren musste:<\/p>\n<p><img decoding=\"async\" loading=\"lazy\" src=\"http:\/\/www.asterythms.net\/bilder\/2009\/20091119mira_t.jpg\" alt=\"Mira am 19.11.2009\" width=\"400\" height=\"266\" \/><\/p>\n<p>(<a href=\"http:\/\/www.asterythms.net\/bilder\/2009\/20091119mira.jpg\">Vollbild<\/a>)<!--more--><\/p>\n<p>Diese Aufnahme entstand bei 55mm Brennweite, f\/4, 800 ASA und 30 Sek. Belichtungszeit. F\u00fcnf Sterne sind markiert, es handelt sich um folgende:<\/p>\n<p>1 alpha Ceti (2,5 mag)<br \/>\n2 gamma Ceti (3,6 mag)<br \/>\n3 delta Ceti (4,0 mag)<br \/>\n4 alpha Pisces (4,1 mag)<br \/>\n5 Omikron Ceti<\/p>\n<p>Was hat es denn nun damit auf sich und warum freue ich mich eigentlich gerade?<\/p>\n<p>Vor mehr als vierhundert Jahren, im Jahre 1603, erstellte <a href=\"http:\/\/de.wikipedia.org\/wiki\/Johann_Bayer\">Johann Bayer<\/a> (1572 &#8211; 1625) einen Sternkatalog, in welchem er Sterne mit jeweils einem griechischen Buchstaben gefolgt vom lateinischen Sternbildnamen bezeichnete. Daher gibt es den Stern Omikron Ceti im Sternbild Walfisch.<\/p>\n<p>Besser bekannt ist dieser Stern unter dem Namen <strong>Mira<\/strong>. Ber\u00fchmt ist dieser Stern, weil er seine Helligkeit dramatisch \u00e4ndert. Mit einer Periode von etwa 330 Tagen schwankt er zwischen Teleskopsichtbarkeit und Sichtbarkeit mit blo\u00dfem Auge. Und daher war ich gestern erfreut: der Stern war v\u00f6llig ohne Probleme zu sehen, Mira muss daher wohl n\u00e4her am Maximum als am Minimum sein. Bei der vorgenannten Periode ist ja gar nicht selbverst\u00e4ndlich, dass das Maximum gerade in der Zeit liegt, in der das Sternbild Cetus gut zu sehen ist. Daher sollte man die derzeitige gute Gelegenheit nutzen und einen Blick auf Mira werfen. Derzeit kulminiert Mira etwa um 22:45 &#8211; besser geht&#8217;s kaum.<\/p>\n<p>Interessant sind diese<a href=\"http:\/\/www.bav-astro.de\/sterne\/cetmira.shtml\"> Informationen der Ver\u00e4nderlichenbeobachter (BAV)<\/a> sowie diese <a href=\"http:\/\/science.nasa.gov\/headlines\/y2007\/15aug_mira.htm?list158316\">Pressemeldung der NASA<\/a>.<\/p>\n","protected":false},"excerpt":{"rendered":"<p>Gestern war es endlich mal wieder sowas wie klar. Leider steht mir aus beruflichen Gr\u00fcnden im Augenblick kaum Zeit zur Verf\u00fcgung (besser so als anders!), daher blieb nur eine kurze Beobachtung. Dabei fiel mir etwas auf, was ich gleich mal &hellip; <a href=\"http:\/\/asterythms.net\/blog\/?p=111\">Weiterlesen <span class=\"meta-nav\">&rarr;<\/span><\/a><\/p>\n","protected":false},"author":2,"featured_media":0,"comment_status":"open","ping_status":"closed","sticky":false,"template":"","format":"standard","meta":{"_s2mail":""},"categories":[11,13],"tags":[],"_links":{"self":[{"href":"http:\/\/asterythms.net\/blog\/index.php?rest_route=\/wp\/v2\/posts\/111"}],"collection":[{"href":"http:\/\/asterythms.net\/blog\/index.php?rest_route=\/wp\/v2\/posts"}],"about":[{"href":"http:\/\/asterythms.net\/blog\/index.php?rest_route=\/wp\/v2\/types\/post"}],"author":[{"embeddable":true,"href":"http:\/\/asterythms.net\/blog\/index.php?rest_route=\/wp\/v2\/users\/2"}],"replies":[{"embeddable":true,"href":"http:\/\/asterythms.net\/blog\/index.php?rest_route=%2Fwp%2Fv2%2Fcomments&post=111"}],"version-history":[{"count":0,"href":"http:\/\/asterythms.net\/blog\/index.php?rest_route=\/wp\/v2\/posts\/111\/revisions"}],"wp:attachment":[{"href":"http:\/\/asterythms.net\/blog\/index.php?rest_route=%2Fwp%2Fv2%2Fmedia&parent=111"}],"wp:term":[{"taxonomy":"category","embeddable":true,"href":"http:\/\/asterythms.net\/blog\/index.php?rest_route=%2Fwp%2Fv2%2Fcategories&post=111"},{"taxonomy":"post_tag","embeddable":true,"href":"http:\/\/asterythms.net\/blog\/index.php?rest_route=%2Fwp%2Fv2%2Ftags&post=111"}],"curies":[{"name":"wp","href":"https:\/\/api.w.org\/{rel}","templated":true}]}}