{"id":1027,"date":"2014-12-20T20:55:22","date_gmt":"2014-12-20T19:55:22","guid":{"rendered":"http:\/\/asterythms.net\/blog\/?p=1027"},"modified":"2014-12-20T20:55:22","modified_gmt":"2014-12-20T19:55:22","slug":"draus-vom-walde-komm-ich-her","status":"publish","type":"post","link":"http:\/\/asterythms.net\/blog\/?p=1027","title":{"rendered":"Drau\u00df&#8217; vom Walde komm ich her,&#8230;"},"content":{"rendered":"<p><img decoding=\"async\" loading=\"lazy\" class=\"alignright\" src=\"http:\/\/www.asterythms.net\/bilder\/2014\/20141220fig0.jpg\" alt=\"\" width=\"400\" height=\"277\" \/>&#8230; ich muss euch sagen, es aprilt heut&#8217; sehr.<br \/>\nWas heute an Regen und Schnee bei kr\u00e4ftigem Wind um uns herum auf uns niedergeblasen wurde, passt auch durchaus in den fr\u00fchen April. Dazu blitzte und donnerte es kr\u00e4ftig. Solch ein Wetter l\u00e4dt nat\u00fcrlich dazu ein, es sich im Hause gem\u00fctlich zu machen und beispielsweise in die weihnachtliche Patentlandschaft zu gucken (wie bereits in <a href=\"http:\/\/asterythms.net\/blog\/?p=346\">2011<\/a>, <a href=\"http:\/\/asterythms.net\/blog\/?p=644\">2012<\/a> und <a href=\"http:\/\/asterythms.net\/blog\/?p=874\">2013<\/a>).<br \/>\n<!--more--><\/p>\n<p><img decoding=\"async\" loading=\"lazy\" class=\"alignright\" src=\"http:\/\/www.asterythms.net\/bilder\/2014\/20141220fig1.jpg\" alt=\"\" width=\"388\" height=\"400\" \/>Eine der Anregungen kommt wenige Stunden vor Beginn des vierten Advents eigentlich viel zu sp\u00e4t. Das Gebrauchsmuster <strong>DE 20 2014 000 170 U1<\/strong> stellt einen Adventskalender vor, der im Bild rechts dargestellt ist. Wichtig ist die K\u00fchlzelle (1) dieses Kalenders, die 24 bzw. 25 Einzelk\u00fchlf\u00e4cher (3) besitzt. Diese F\u00e4cher sind zu Aufnahme von Getr\u00e4nkegebinde in jeder beliebigen Form und Gr\u00f6\u00dfe geeignet. Praktisch ist ja, dass zum Bef\u00fcllen dieses Kalenders im Getr\u00e4nkefachhandel K\u00e4sten mit 24 0,33er-Flaschen angeboten werden. Welches Getr\u00e4nk dem Erfinder da wohl durch den Kopf gegangen ist?<\/p>\n<p><img decoding=\"async\" loading=\"lazy\" class=\"alignright\" src=\"http:\/\/www.asterythms.net\/bilder\/2014\/20141220fig2.jpg\" alt=\"\" width=\"400\" height=\"511\" \/>Interessant finde ich die &#8220;Weihnachtspyramide&#8221; der <strong>DE 20 2014 004 718 U1<\/strong>. Eigentlich erinnern mich die Bl\u00e4tter 6 ja mehr an einen Laubbaum, aber warum eigentlich nicht? In der Beschreibung finden sich dann als Materialien f\u00fcr diese Rotorbl\u00e4tter nicht nur Holz sondern auch Metall. Mit Metall k\u00f6nnen diese Bl\u00e4tter ja spiegelnd ausgef\u00fchrt sein. Dadurch entstehen beim Drehen sicherlich interessante Lichteffekte, die im Raum herumwandern. Je nach Geschwindigkeit kann es besinnlich sein &#8230; oder eine Art Weihnachtsdisko ergeben.<\/p>\n<p>Gehen wir nun in der Zeit weiter und begeben uns in die letzten Stunden vor Heiligabend. Wichtig in vielen weihnachtlichen Wohnzimmern ist und bleibt der Weihnachtsbaum.<\/p>\n<p><img decoding=\"async\" loading=\"lazy\" class=\"alignright\" src=\"http:\/\/www.asterythms.net\/bilder\/2014\/20141220fig3.jpg\" alt=\"\" width=\"400\" height=\"484\" \/>Der ein oder andere wird vielleicht modern und mobil ausger\u00fcstet sein. Damit meine ich nun keine Weihnachtsbaum-App auf einem Handy, sondern den Baum der <strong>DE 20 2014 103 122 U1<\/strong>. Ein praktischer Weihnachtsbaum, der zusammengefaltet und in einer Kiste verstaut werden kann. Das ist doch mal wirklich gelungen, oder? Vor allem hat das Ger\u00e4t ein Steuerungssystem, welches den Baum nicht nur ein- und ausfahren l\u00e4sst, sondern auch erm\u00f6glicht, den Baum im Freien aufzustellen und dort auf Regen, Wind und Schnee reagieren zu lassen. Nun, heute w\u00e4re dieser Baum bei uns wirklich lebendig gewesen &#8230;<\/p>\n<p><img decoding=\"async\" loading=\"lazy\" class=\"alignright\" src=\"http:\/\/www.asterythms.net\/bilder\/2014\/20141220fig4.jpg\" alt=\"\" width=\"400\" height=\"462\" \/>Ein echter Weihnachtsbaum aus der Plantage ist noch immer sehr beliebt. Der ein oder andere &#8220;erntet&#8221; den Baum auf seinen Grundst\u00fcck. Oft sind dies nicht so gerade wie im Bilderbuch gewachsene\u00a0 B\u00e4ume. So oder so ist nicht selten das Problem, den Baum sicher hinzustellen. Manchmal bleibt die Angelegenheit einfach doch recht wackelig. Aber das muss nicht sein! Uns hilft die <strong>DE 20 2014 002 244 U1<\/strong> an dieser Stelle weiter. Im Bild ist eine Teleskopstange zu sehen, die zwischen Boden und Zimmerdecke geklemmt werden kann. Sie wird neben den Stamm des Baumes gestellt und mit diesem verbunden. Nun kann nichts mehr passieren: die geklemmte Teleskopstange h\u00e4lt den Baumstamm sicher in der Senkrechten. Gut, ich denke, die Stange kann durch geschicktes Schm\u00fccken des Baumes, zur Not viel Lametta (fr\u00fcher war ja mehr Lametta &#8230;) und einer gro\u00dfen Weihnachtsbaumspitze verdeckt werden.<\/p>\n<p><img decoding=\"async\" loading=\"lazy\" class=\"alignright\" src=\"http:\/\/www.asterythms.net\/bilder\/2014\/20141220fig5.jpg\" alt=\"\" width=\"400\" height=\"389\" \/>Die Beleuchtung des Weihnachtsbaumes ist dank der <strong>DE 20 2013 001 215 U1<\/strong> besonders praktisch gestaltet. Wachskerzen mit Docht sind immer wundersch\u00f6n. Oft dauert es eine Weile bis alle Kerzen brennen. Bei manch einem Zeitgenossen dauert es vielleicht solange, dass die ersten Kerzen schon ausgebrannt sind, bis die letzten brennen. Elektrische Kerzen sind daher sehr praktisch, denn kaum steckt der Stecker in der Steckdose, brennen alle (noch funktionierenden) Lichter zugleich. Aber diese vielen Kabel! Das sieht doch nix aus, sagt manch einer. Ich empfehle die Kerzen der nebenstehenden Abbildung. Sie besitzen Batterien und sind funkgesteuert. V\u00f6llig ohne Kabel k\u00f6nnen nun alle Kerzen zur gleichen Zeit geschaltet werden. Praktisch oder?<\/p>\n<p>Ich glaube, dank der Erfinder werden unsere Weihnachtsfeste von der technischen Seite immer besser.<\/p>\n","protected":false},"excerpt":{"rendered":"<p>&#8230; ich muss euch sagen, es aprilt heut&#8217; sehr. Was heute an Regen und Schnee bei kr\u00e4ftigem Wind um uns herum auf uns niedergeblasen wurde, passt auch durchaus in den fr\u00fchen April. Dazu blitzte und donnerte es kr\u00e4ftig. Solch ein &hellip; <a href=\"http:\/\/asterythms.net\/blog\/?p=1027\">Weiterlesen <span class=\"meta-nav\">&rarr;<\/span><\/a><\/p>\n","protected":false},"author":2,"featured_media":0,"comment_status":"open","ping_status":"closed","sticky":false,"template":"","format":"standard","meta":{"_s2mail":"yes"},"categories":[1,25],"tags":[],"_links":{"self":[{"href":"http:\/\/asterythms.net\/blog\/index.php?rest_route=\/wp\/v2\/posts\/1027"}],"collection":[{"href":"http:\/\/asterythms.net\/blog\/index.php?rest_route=\/wp\/v2\/posts"}],"about":[{"href":"http:\/\/asterythms.net\/blog\/index.php?rest_route=\/wp\/v2\/types\/post"}],"author":[{"embeddable":true,"href":"http:\/\/asterythms.net\/blog\/index.php?rest_route=\/wp\/v2\/users\/2"}],"replies":[{"embeddable":true,"href":"http:\/\/asterythms.net\/blog\/index.php?rest_route=%2Fwp%2Fv2%2Fcomments&post=1027"}],"version-history":[{"count":2,"href":"http:\/\/asterythms.net\/blog\/index.php?rest_route=\/wp\/v2\/posts\/1027\/revisions"}],"predecessor-version":[{"id":1029,"href":"http:\/\/asterythms.net\/blog\/index.php?rest_route=\/wp\/v2\/posts\/1027\/revisions\/1029"}],"wp:attachment":[{"href":"http:\/\/asterythms.net\/blog\/index.php?rest_route=%2Fwp%2Fv2%2Fmedia&parent=1027"}],"wp:term":[{"taxonomy":"category","embeddable":true,"href":"http:\/\/asterythms.net\/blog\/index.php?rest_route=%2Fwp%2Fv2%2Fcategories&post=1027"},{"taxonomy":"post_tag","embeddable":true,"href":"http:\/\/asterythms.net\/blog\/index.php?rest_route=%2Fwp%2Fv2%2Ftags&post=1027"}],"curies":[{"name":"wp","href":"https:\/\/api.w.org\/{rel}","templated":true}]}}